{"id":992,"date":"2014-12-14T10:57:53","date_gmt":"2014-12-14T12:57:53","guid":{"rendered":"http:\/\/www.gasescombustiveis.com.br\/premioglp\/?p=992"},"modified":"2015-07-14T10:25:06","modified_gmt":"2015-07-14T13:25:06","slug":"reducao-das-emissoes-de-carbono","status":"publish","type":"post","link":"https:\/\/www.gasescombustiveis.com.br\/premioglp\/?p=992","title":{"rendered":"Redu\u00e7\u00e3o das emiss\u00f5es de carbono"},"content":{"rendered":"<p><a href=\"https:\/\/www.gasescombustiveis.com.br\/premioglp\/wp-content\/uploads\/prata1.jpg\"><img loading=\"lazy\" decoding=\"async\" class=\"alignnone size-full wp-image-910\" title=\"prata\" src=\"https:\/\/www.gasescombustiveis.com.br\/premioglp\/wp-content\/uploads\/prata1.jpg\" alt=\"\" width=\"270\" height=\"55\" \/><\/a><\/p>\n<p><a href=\"https:\/\/www.gasescombustiveis.com.br\/premioglp\/wp-content\/uploads\/projeto-GLP-2014-5890.jpg\"><img loading=\"lazy\" decoding=\"async\" class=\"alignnone size-full wp-image-993\" title=\"projeto GLP 2014-5890\" src=\"https:\/\/www.gasescombustiveis.com.br\/premioglp\/wp-content\/uploads\/projeto-GLP-2014-5890.jpg\" alt=\"\" width=\"640\" height=\"426\" srcset=\"https:\/\/www.gasescombustiveis.com.br\/premioglp\/wp-content\/uploads\/projeto-GLP-2014-5890.jpg 640w, https:\/\/www.gasescombustiveis.com.br\/premioglp\/wp-content\/uploads\/projeto-GLP-2014-5890-300x199.jpg 300w\" sizes=\"auto, (max-width: 640px) 100vw, 640px\" \/><\/a><\/p>\n<p><strong>Autores:<\/strong><\/p>\n<p>&#8211; Fernando C\u00f6rner da Costa \u2013 Krona<br \/>\n&#8211; Denis Pinto Monteiro &#8211; DMJ<\/p>\n<p>Arquivo:\u00a0<a href=\"https:\/\/www.gasescombustiveis.com.br\/premioglp\/wp-content\/uploads\/ReducaodasEmissoesdeCarbono.pdf\">ReducaodasEmissoesdeCarbono<\/a><\/p>\n","protected":false},"excerpt":{"rendered":"<p>Autores: &#8211; Fernando C\u00f6rner da Costa \u2013 Krona &#8211; Denis Pinto Monteiro &#8211; DMJ Arquivo:\u00a0ReducaodasEmissoesdeCarbono<\/p>\n","protected":false},"author":1,"featured_media":0,"comment_status":"closed","ping_status":"closed","sticky":false,"template":"","format":"standard","meta":{"footnotes":""},"categories":[41],"tags":[],"class_list":["post-992","post","type-post","status-publish","format-standard","hentry","category-meioambiente2014"],"_links":{"self":[{"href":"https:\/\/www.gasescombustiveis.com.br\/premioglp\/index.php?rest_route=\/wp\/v2\/posts\/992","targetHints":{"allow":["GET"]}}],"collection":[{"href":"https:\/\/www.gasescombustiveis.com.br\/premioglp\/index.php?rest_route=\/wp\/v2\/posts"}],"about":[{"href":"https:\/\/www.gasescombustiveis.com.br\/premioglp\/index.php?rest_route=\/wp\/v2\/types\/post"}],"author":[{"embeddable":true,"href":"https:\/\/www.gasescombustiveis.com.br\/premioglp\/index.php?rest_route=\/wp\/v2\/users\/1"}],"replies":[{"embeddable":true,"href":"https:\/\/www.gasescombustiveis.com.br\/premioglp\/index.php?rest_route=%2Fwp%2Fv2%2Fcomments&post=992"}],"version-history":[{"count":3,"href":"https:\/\/www.gasescombustiveis.com.br\/premioglp\/index.php?rest_route=\/wp\/v2\/posts\/992\/revisions"}],"predecessor-version":[{"id":1344,"href":"https:\/\/www.gasescombustiveis.com.br\/premioglp\/index.php?rest_route=\/wp\/v2\/posts\/992\/revisions\/1344"}],"wp:attachment":[{"href":"https:\/\/www.gasescombustiveis.com.br\/premioglp\/index.php?rest_route=%2Fwp%2Fv2%2Fmedia&parent=992"}],"wp:term":[{"taxonomy":"category","embeddable":true,"href":"https:\/\/www.gasescombustiveis.com.br\/premioglp\/index.php?rest_route=%2Fwp%2Fv2%2Fcategories&post=992"},{"taxonomy":"post_tag","embeddable":true,"href":"https:\/\/www.gasescombustiveis.com.br\/premioglp\/index.php?rest_route=%2Fwp%2Fv2%2Ftags&post=992"}],"curies":[{"name":"wp","href":"https:\/\/api.w.org\/{rel}","templated":true}]}}