{"id":75,"date":"2011-06-27T12:39:55","date_gmt":"2011-06-27T15:39:55","guid":{"rendered":"http:\/\/www.gasescombustiveis.com.br\/premioglp\/?p=75"},"modified":"2011-08-10T07:40:36","modified_gmt":"2011-08-10T10:40:36","slug":"plaqueta-para-marcacao-de-tara-nos-recipientes-p-13","status":"publish","type":"post","link":"https:\/\/www.gasescombustiveis.com.br\/premioglp\/?p=75","title":{"rendered":"PLAQUETA PARA MARCA\u00c7\u00c3O DE TARA NOS RECIPIENTES P-13"},"content":{"rendered":"<p><a href=\"https:\/\/www.gasescombustiveis.com.br\/premioglp\/wp-content\/uploads\/UltragazAbbas-Produ\u00e7\u00e3o-PLAQUETA-PARA-MARCA\u00c7\u00c3O-DE-TARA-DOS-RECIPIENTES-P-13-Ouro.jpg\"><img loading=\"lazy\" decoding=\"async\" class=\"alignnone size-full wp-image-76\" title=\"Ultragaz,Abbas-Produ\u00e7\u00e3o- PLAQUETA PARA MARCA\u00c7\u00c3O DE TARA DOS RECIPIENTES P-13 -  Ouro\" src=\"https:\/\/www.gasescombustiveis.com.br\/premioglp\/wp-content\/uploads\/UltragazAbbas-Produ\u00e7\u00e3o-PLAQUETA-PARA-MARCA\u00c7\u00c3O-DE-TARA-DOS-RECIPIENTES-P-13-Ouro.jpg\" alt=\"\" width=\"550\" height=\"366\" srcset=\"https:\/\/www.gasescombustiveis.com.br\/premioglp\/wp-content\/uploads\/UltragazAbbas-Produ\u00e7\u00e3o-PLAQUETA-PARA-MARCA\u00c7\u00c3O-DE-TARA-DOS-RECIPIENTES-P-13-Ouro.jpg 800w, https:\/\/www.gasescombustiveis.com.br\/premioglp\/wp-content\/uploads\/UltragazAbbas-Produ\u00e7\u00e3o-PLAQUETA-PARA-MARCA\u00c7\u00c3O-DE-TARA-DOS-RECIPIENTES-P-13-Ouro-300x199.jpg 300w\" sizes=\"auto, (max-width: 550px) 100vw, 550px\" \/><\/a><\/p>\n<p><strong>Categoria:<\/strong><br \/>\nProdu\u00e7\u00e3o \u2013 Ouro<\/p>\n<p><strong>Autores:<\/strong><br \/>\n<span style=\"color: #0000ff;\"><strong>ULTRAGAZ<\/strong><\/span><br \/>\nFl\u00e1vio Pastorello<br \/>\nGustavo Ribeiro Rom\u00e3o<br \/>\nMarcio Carrara<br \/>\nMarcos C\u00e9sar Siqueira<\/p>\n<p><span style=\"color: #0000ff;\"><strong>ABBAS<\/strong><\/span><br \/>\nCamila NietoBove<br \/>\nMiguel Carlos Bove<\/p>\n<p><strong>Arquivos:<\/strong><br \/>\nCase: <a href=\"https:\/\/www.gasescombustiveis.com.br\/premioglp\/cases\/Plaqueta_de_tara.pdf\" target=\"_blank\">Plaqueta para Marca\u00e7\u00e3o de Tara nos Recipientes P-13<\/a><\/p>\n","protected":false},"excerpt":{"rendered":"<p>Categoria: Produ\u00e7\u00e3o \u2013 Ouro Autores: ULTRAGAZ Fl\u00e1vio Pastorello Gustavo Ribeiro Rom\u00e3o Marcio Carrara Marcos C\u00e9sar Siqueira ABBAS Camila NietoBove Miguel Carlos Bove Arquivos: Case: Plaqueta para Marca\u00e7\u00e3o de Tara nos Recipientes P-13<\/p>\n","protected":false},"author":1,"featured_media":0,"comment_status":"closed","ping_status":"closed","sticky":false,"template":"","format":"standard","meta":{"footnotes":""},"categories":[7],"tags":[],"class_list":["post-75","post","type-post","status-publish","format-standard","hentry","category-producao"],"_links":{"self":[{"href":"https:\/\/www.gasescombustiveis.com.br\/premioglp\/index.php?rest_route=\/wp\/v2\/posts\/75","targetHints":{"allow":["GET"]}}],"collection":[{"href":"https:\/\/www.gasescombustiveis.com.br\/premioglp\/index.php?rest_route=\/wp\/v2\/posts"}],"about":[{"href":"https:\/\/www.gasescombustiveis.com.br\/premioglp\/index.php?rest_route=\/wp\/v2\/types\/post"}],"author":[{"embeddable":true,"href":"https:\/\/www.gasescombustiveis.com.br\/premioglp\/index.php?rest_route=\/wp\/v2\/users\/1"}],"replies":[{"embeddable":true,"href":"https:\/\/www.gasescombustiveis.com.br\/premioglp\/index.php?rest_route=%2Fwp%2Fv2%2Fcomments&post=75"}],"version-history":[{"count":5,"href":"https:\/\/www.gasescombustiveis.com.br\/premioglp\/index.php?rest_route=\/wp\/v2\/posts\/75\/revisions"}],"predecessor-version":[{"id":155,"href":"https:\/\/www.gasescombustiveis.com.br\/premioglp\/index.php?rest_route=\/wp\/v2\/posts\/75\/revisions\/155"}],"wp:attachment":[{"href":"https:\/\/www.gasescombustiveis.com.br\/premioglp\/index.php?rest_route=%2Fwp%2Fv2%2Fmedia&parent=75"}],"wp:term":[{"taxonomy":"category","embeddable":true,"href":"https:\/\/www.gasescombustiveis.com.br\/premioglp\/index.php?rest_route=%2Fwp%2Fv2%2Fcategories&post=75"},{"taxonomy":"post_tag","embeddable":true,"href":"https:\/\/www.gasescombustiveis.com.br\/premioglp\/index.php?rest_route=%2Fwp%2Fv2%2Ftags&post=75"}],"curies":[{"name":"wp","href":"https:\/\/api.w.org\/{rel}","templated":true}]}}