{"id":3720,"date":"2019-12-23T12:43:13","date_gmt":"2019-12-23T14:43:13","guid":{"rendered":"http:\/\/www.gasescombustiveis.com.br\/premioglp\/?p=3720"},"modified":"2020-01-07T11:42:39","modified_gmt":"2020-01-07T13:42:39","slug":"eficientizacao-energetica-no-uso-do-glp-como-fator-de-reducao-no-impacto-ambiental","status":"publish","type":"post","link":"https:\/\/www.gasescombustiveis.com.br\/premioglp\/?p=3720","title":{"rendered":"Eficientiza\u00e7\u00e3o Energ\u00e9tica no uso do GLP como fator de redu\u00e7\u00e3o no impacto ambiental"},"content":{"rendered":"<p><a href=\"https:\/\/www.gasescombustiveis.com.br\/premioglp\/wp-content\/uploads\/ouro1.jpg\"><img loading=\"lazy\" decoding=\"async\" class=\"alignnone size-full wp-image-914\" src=\"https:\/\/www.gasescombustiveis.com.br\/premioglp\/wp-content\/uploads\/ouro1.jpg\" alt=\"\" width=\"270\" height=\"55\" \/><\/a><\/p>\n<p><a href=\"https:\/\/www.gasescombustiveis.com.br\/premioglp\/wp-content\/uploads\/REN_9125.jpg\"><img loading=\"lazy\" decoding=\"async\" class=\"alignnone wp-image-3721\" src=\"https:\/\/www.gasescombustiveis.com.br\/premioglp\/wp-content\/uploads\/REN_9125.jpg\" alt=\"\" width=\"552\" height=\"368\" srcset=\"https:\/\/www.gasescombustiveis.com.br\/premioglp\/wp-content\/uploads\/REN_9125.jpg 800w, https:\/\/www.gasescombustiveis.com.br\/premioglp\/wp-content\/uploads\/REN_9125-300x200.jpg 300w, https:\/\/www.gasescombustiveis.com.br\/premioglp\/wp-content\/uploads\/REN_9125-768x512.jpg 768w\" sizes=\"auto, (max-width: 552px) 100vw, 552px\" \/><\/a><\/p>\n<p>Autores:<\/p>\n<p><strong>Liquig\u00e1s<br \/>\n<\/strong>Adilson Heck<br \/>\nAlexandre Vasconcelos Rodrigues<br \/>\nAlyne Freitas da Silva<br \/>\n\u00c9lcio Augusto da Rocha Sarti<br \/>\nMarcos Antonio dos Santos<\/p>\n<p>&nbsp;<\/p>\n<p>Arquivo para download: <a href=\"https:\/\/www.gasescombustiveis.com.br\/premioglp\/wp-content\/uploads\/Eficientiza\u00e7\u00e3o-energ\u00e9tica-do-GLP-como-redutor-de-impacto-ambiental_MEIO-AMBIENTE-Ver2.pdf\">Eficientiza\u00e7\u00e3o energ\u00e9tica do GLP como redutor de impacto ambiental_MEIO AMBIENTE Ver2<\/a><\/p>\n","protected":false},"excerpt":{"rendered":"<p>Autores: Liquig\u00e1s Adilson Heck Alexandre Vasconcelos Rodrigues Alyne Freitas da Silva \u00c9lcio Augusto da Rocha Sarti Marcos Antonio dos Santos &nbsp; Arquivo para download: Eficientiza\u00e7\u00e3o energ\u00e9tica do GLP como redutor de impacto ambiental_MEIO AMBIENTE Ver2<\/p>\n","protected":false},"author":1,"featured_media":0,"comment_status":"closed","ping_status":"closed","sticky":false,"template":"","format":"standard","meta":{"footnotes":""},"categories":[93],"tags":[],"class_list":["post-3720","post","type-post","status-publish","format-standard","hentry","category-meioambiente2019"],"_links":{"self":[{"href":"https:\/\/www.gasescombustiveis.com.br\/premioglp\/index.php?rest_route=\/wp\/v2\/posts\/3720","targetHints":{"allow":["GET"]}}],"collection":[{"href":"https:\/\/www.gasescombustiveis.com.br\/premioglp\/index.php?rest_route=\/wp\/v2\/posts"}],"about":[{"href":"https:\/\/www.gasescombustiveis.com.br\/premioglp\/index.php?rest_route=\/wp\/v2\/types\/post"}],"author":[{"embeddable":true,"href":"https:\/\/www.gasescombustiveis.com.br\/premioglp\/index.php?rest_route=\/wp\/v2\/users\/1"}],"replies":[{"embeddable":true,"href":"https:\/\/www.gasescombustiveis.com.br\/premioglp\/index.php?rest_route=%2Fwp%2Fv2%2Fcomments&post=3720"}],"version-history":[{"count":3,"href":"https:\/\/www.gasescombustiveis.com.br\/premioglp\/index.php?rest_route=\/wp\/v2\/posts\/3720\/revisions"}],"predecessor-version":[{"id":4232,"href":"https:\/\/www.gasescombustiveis.com.br\/premioglp\/index.php?rest_route=\/wp\/v2\/posts\/3720\/revisions\/4232"}],"wp:attachment":[{"href":"https:\/\/www.gasescombustiveis.com.br\/premioglp\/index.php?rest_route=%2Fwp%2Fv2%2Fmedia&parent=3720"}],"wp:term":[{"taxonomy":"category","embeddable":true,"href":"https:\/\/www.gasescombustiveis.com.br\/premioglp\/index.php?rest_route=%2Fwp%2Fv2%2Fcategories&post=3720"},{"taxonomy":"post_tag","embeddable":true,"href":"https:\/\/www.gasescombustiveis.com.br\/premioglp\/index.php?rest_route=%2Fwp%2Fv2%2Ftags&post=3720"}],"curies":[{"name":"wp","href":"https:\/\/api.w.org\/{rel}","templated":true}]}}