{"id":3647,"date":"2019-12-20T16:36:24","date_gmt":"2019-12-20T18:36:24","guid":{"rendered":"http:\/\/www.gasescombustiveis.com.br\/premioglp\/?p=3647"},"modified":"2020-01-07T12:28:20","modified_gmt":"2020-01-07T14:28:20","slug":"uma-calota-especial-que-corrige-a-perda-de-capacidade-volumetrica-ocasionada-no-processo-de-requalificacao-com-troca-de-calota","status":"publish","type":"post","link":"https:\/\/www.gasescombustiveis.com.br\/premioglp\/?p=3647","title":{"rendered":"Uma calota especial que corrige a perda de capacidade volum\u00e9trica ocasionada no processo de requalifica\u00e7\u00e3o com troca de calota"},"content":{"rendered":"<p><a href=\"https:\/\/www.gasescombustiveis.com.br\/premioglp\/wp-content\/uploads\/ouro1.jpg\"><img loading=\"lazy\" decoding=\"async\" class=\"alignnone size-full wp-image-914\" src=\"https:\/\/www.gasescombustiveis.com.br\/premioglp\/wp-content\/uploads\/ouro1.jpg\" alt=\"\" width=\"270\" height=\"55\" \/><\/a><\/p>\n<p><a href=\"https:\/\/www.gasescombustiveis.com.br\/premioglp\/wp-content\/uploads\/REN_9011.jpg\"><img loading=\"lazy\" decoding=\"async\" class=\"alignnone wp-image-3648\" src=\"https:\/\/www.gasescombustiveis.com.br\/premioglp\/wp-content\/uploads\/REN_9011.jpg\" alt=\"\" width=\"549\" height=\"361\" \/><\/a><\/p>\n<p><strong>Autores:<\/strong><\/p>\n<p><strong>Mor\u00e1via Requalificadora<br \/>\n<\/strong>Felipe Andr\u00e9<\/p>\n<p><strong>Rebog\u00e1s Requalificadora<br \/>\n<\/strong>Nelson Andr\u00e9<br \/>\nRaphael Andr\u00e9<br \/>\nWillian Soares<\/p>\n<p><strong>Rigetec<br \/>\n<\/strong>Eduardo Santos<\/p>\n<p><strong>Liquig\u00e1s<br \/>\n<\/strong>Nilton Antonio Dias<\/p>\n<p><strong>Nacional G\u00e1s<br \/>\n<\/strong>Rebeca Vieira Coelho Pereira<\/p>\n<p>&nbsp;<\/p>\n<p>Arquivo para download: <a href=\"https:\/\/www.gasescombustiveis.com.br\/premioglp\/wp-content\/uploads\/Uma-calota-especial-que-corrige-a-perda-de-capacidade-volum\u00e9trica.pdf\">Uma calota especial que corrige a perda de capacidade volum\u00e9trica<\/a><\/p>\n","protected":false},"excerpt":{"rendered":"<p>Autores: Mor\u00e1via Requalificadora Felipe Andr\u00e9 Rebog\u00e1s Requalificadora Nelson Andr\u00e9 Raphael Andr\u00e9 Willian Soares Rigetec Eduardo Santos Liquig\u00e1s Nilton Antonio Dias Nacional G\u00e1s Rebeca Vieira Coelho Pereira &nbsp; Arquivo para download: Uma calota especial que corrige a perda de capacidade volum\u00e9trica<\/p>\n","protected":false},"author":1,"featured_media":0,"comment_status":"closed","ping_status":"closed","sticky":false,"template":"","format":"standard","meta":{"footnotes":""},"categories":[87],"tags":[],"class_list":["post-3647","post","type-post","status-publish","format-standard","hentry","category-producao2019"],"_links":{"self":[{"href":"https:\/\/www.gasescombustiveis.com.br\/premioglp\/index.php?rest_route=\/wp\/v2\/posts\/3647","targetHints":{"allow":["GET"]}}],"collection":[{"href":"https:\/\/www.gasescombustiveis.com.br\/premioglp\/index.php?rest_route=\/wp\/v2\/posts"}],"about":[{"href":"https:\/\/www.gasescombustiveis.com.br\/premioglp\/index.php?rest_route=\/wp\/v2\/types\/post"}],"author":[{"embeddable":true,"href":"https:\/\/www.gasescombustiveis.com.br\/premioglp\/index.php?rest_route=\/wp\/v2\/users\/1"}],"replies":[{"embeddable":true,"href":"https:\/\/www.gasescombustiveis.com.br\/premioglp\/index.php?rest_route=%2Fwp%2Fv2%2Fcomments&post=3647"}],"version-history":[{"count":2,"href":"https:\/\/www.gasescombustiveis.com.br\/premioglp\/index.php?rest_route=\/wp\/v2\/posts\/3647\/revisions"}],"predecessor-version":[{"id":4281,"href":"https:\/\/www.gasescombustiveis.com.br\/premioglp\/index.php?rest_route=\/wp\/v2\/posts\/3647\/revisions\/4281"}],"wp:attachment":[{"href":"https:\/\/www.gasescombustiveis.com.br\/premioglp\/index.php?rest_route=%2Fwp%2Fv2%2Fmedia&parent=3647"}],"wp:term":[{"taxonomy":"category","embeddable":true,"href":"https:\/\/www.gasescombustiveis.com.br\/premioglp\/index.php?rest_route=%2Fwp%2Fv2%2Fcategories&post=3647"},{"taxonomy":"post_tag","embeddable":true,"href":"https:\/\/www.gasescombustiveis.com.br\/premioglp\/index.php?rest_route=%2Fwp%2Fv2%2Ftags&post=3647"}],"curies":[{"name":"wp","href":"https:\/\/api.w.org\/{rel}","templated":true}]}}