{"id":2753,"date":"2017-12-21T16:32:35","date_gmt":"2017-12-21T18:32:35","guid":{"rendered":"http:\/\/www.gasescombustiveis.com.br\/premioglp\/?p=2753"},"modified":"2017-12-21T19:49:47","modified_gmt":"2017-12-21T21:49:47","slug":"viabilidade-do-aumento-da-capacidade-volumetrica-no-transporte-de-gas-lp-granel","status":"publish","type":"post","link":"https:\/\/www.gasescombustiveis.com.br\/premioglp\/?p=2753","title":{"rendered":"Viabilidade do aumento da capacidade volum\u00e9trica no transporte de g\u00e1s LP granel"},"content":{"rendered":"<p><a href=\"https:\/\/www.gasescombustiveis.com.br\/premioglp\/wp-content\/uploads\/ouro1.jpg\"><img loading=\"lazy\" decoding=\"async\" class=\"alignnone size-full wp-image-914\" title=\"ouro\" src=\"https:\/\/www.gasescombustiveis.com.br\/premioglp\/wp-content\/uploads\/ouro1.jpg\" alt=\"\" width=\"270\" height=\"55\" \/><\/a><\/p>\n<p><a href=\"https:\/\/www.gasescombustiveis.com.br\/premioglp\/wp-content\/uploads\/REN_28451.jpg\"><img decoding=\"async\" class=\"alignnone size-full wp-image-2754\" title=\"REN_2845\" src=\"https:\/\/www.gasescombustiveis.com.br\/premioglp\/wp-content\/uploads\/REN_28451.jpg\" alt=\"\" width=\"560\" srcset=\"https:\/\/www.gasescombustiveis.com.br\/premioglp\/wp-content\/uploads\/REN_28451.jpg 945w, https:\/\/www.gasescombustiveis.com.br\/premioglp\/wp-content\/uploads\/REN_28451-300x200.jpg 300w\" sizes=\"(max-width: 945px) 100vw, 945px\" \/><\/a><\/p>\n<p><strong>Autores:<\/strong><\/p>\n<p><strong>Ultragaz<br \/>\n<\/strong>Karin Krugner Constantino<br \/>\nJeanne Saraiva de Jesus<br \/>\nF\u00e1bio Rivoiro<\/p>\n<p><strong>Transp. Rodomeu<br \/>\n<\/strong>Ronaldo Gomes de Oliveira Junior<br \/>\nRafael Cordeiro Rossi<\/p>\n<p><strong>Transp. Contatto<br \/>\n<\/strong>Ad\u00e3o Alves<\/p>\n<p><strong>EGSA<br \/>\n<\/strong>Jo\u00e3o Paulo M. Beraldo<\/p>\n<p>Arquivo:\u00a0<a href=\"https:\/\/www.gasescombustiveis.com.br\/premioglp\/wp-content\/uploads\/Viabilidade-do-aumento-da-capacidade-volum\u00e9trica-no-transporte-de-g\u00e1s-LP-granel.pdf\">Viabilidade do aumento da capacidade volum\u00e9trica no transporte de g\u00e1s LP granel<\/a><\/p>\n","protected":false},"excerpt":{"rendered":"<p>Autores: Ultragaz Karin Krugner Constantino Jeanne Saraiva de Jesus F\u00e1bio Rivoiro Transp. Rodomeu Ronaldo Gomes de Oliveira Junior Rafael Cordeiro Rossi Transp. Contatto Ad\u00e3o Alves EGSA Jo\u00e3o Paulo M. Beraldo Arquivo:\u00a0Viabilidade do aumento da capacidade volum\u00e9trica no transporte de g\u00e1s LP granel<\/p>\n","protected":false},"author":1,"featured_media":0,"comment_status":"closed","ping_status":"closed","sticky":false,"template":"","format":"standard","meta":{"footnotes":""},"categories":[70],"tags":[],"class_list":["post-2753","post","type-post","status-publish","format-standard","hentry","category-logistica2017"],"_links":{"self":[{"href":"https:\/\/www.gasescombustiveis.com.br\/premioglp\/index.php?rest_route=\/wp\/v2\/posts\/2753","targetHints":{"allow":["GET"]}}],"collection":[{"href":"https:\/\/www.gasescombustiveis.com.br\/premioglp\/index.php?rest_route=\/wp\/v2\/posts"}],"about":[{"href":"https:\/\/www.gasescombustiveis.com.br\/premioglp\/index.php?rest_route=\/wp\/v2\/types\/post"}],"author":[{"embeddable":true,"href":"https:\/\/www.gasescombustiveis.com.br\/premioglp\/index.php?rest_route=\/wp\/v2\/users\/1"}],"replies":[{"embeddable":true,"href":"https:\/\/www.gasescombustiveis.com.br\/premioglp\/index.php?rest_route=%2Fwp%2Fv2%2Fcomments&post=2753"}],"version-history":[{"count":3,"href":"https:\/\/www.gasescombustiveis.com.br\/premioglp\/index.php?rest_route=\/wp\/v2\/posts\/2753\/revisions"}],"predecessor-version":[{"id":2756,"href":"https:\/\/www.gasescombustiveis.com.br\/premioglp\/index.php?rest_route=\/wp\/v2\/posts\/2753\/revisions\/2756"}],"wp:attachment":[{"href":"https:\/\/www.gasescombustiveis.com.br\/premioglp\/index.php?rest_route=%2Fwp%2Fv2%2Fmedia&parent=2753"}],"wp:term":[{"taxonomy":"category","embeddable":true,"href":"https:\/\/www.gasescombustiveis.com.br\/premioglp\/index.php?rest_route=%2Fwp%2Fv2%2Fcategories&post=2753"},{"taxonomy":"post_tag","embeddable":true,"href":"https:\/\/www.gasescombustiveis.com.br\/premioglp\/index.php?rest_route=%2Fwp%2Fv2%2Ftags&post=2753"}],"curies":[{"name":"wp","href":"https:\/\/api.w.org\/{rel}","templated":true}]}}