{"id":1955,"date":"2016-12-08T13:02:16","date_gmt":"2016-12-08T15:02:16","guid":{"rendered":"http:\/\/www.gasescombustiveis.com.br\/premioglp\/?p=1955"},"modified":"2016-12-12T16:50:27","modified_gmt":"2016-12-12T18:50:27","slug":"impactos-ambientais-comparacao-entre-o-gas-lp-e-outros-combustiveis-e-os-possiveis-impactos-nas-mudancas-climaticas","status":"publish","type":"post","link":"https:\/\/www.gasescombustiveis.com.br\/premioglp\/?p=1955","title":{"rendered":"Impactos Ambientais: Compara\u00e7\u00e3o entre o G\u00e1s LP e Outros Combust\u00edveis e os poss\u00edveis impactos nas mudan\u00e7as clim\u00e1ticas"},"content":{"rendered":"<p><a href=\"https:\/\/www.gasescombustiveis.com.br\/premioglp\/wp-content\/uploads\/ouro1.jpg\"><img loading=\"lazy\" decoding=\"async\" class=\"alignnone size-full wp-image-914\" title=\"ouro\" src=\"https:\/\/www.gasescombustiveis.com.br\/premioglp\/wp-content\/uploads\/ouro1.jpg\" alt=\"\" width=\"270\" height=\"55\" \/><\/a><\/p>\n<p><a href=\"https:\/\/www.gasescombustiveis.com.br\/premioglp\/wp-content\/uploads\/IMG_6500.jpg\"><img loading=\"lazy\" decoding=\"async\" class=\"alignnone size-full wp-image-2069\" title=\"IMG_6500\" src=\"https:\/\/www.gasescombustiveis.com.br\/premioglp\/wp-content\/uploads\/IMG_6500.jpg\" alt=\"\" width=\"560\" height=\"373\" srcset=\"https:\/\/www.gasescombustiveis.com.br\/premioglp\/wp-content\/uploads\/IMG_6500.jpg 800w, https:\/\/www.gasescombustiveis.com.br\/premioglp\/wp-content\/uploads\/IMG_6500-300x199.jpg 300w\" sizes=\"auto, (max-width: 560px) 100vw, 560px\" \/><\/a><\/p>\n<p><strong>Autores:<\/strong><\/p>\n<p><strong>SINDIG\u00c1S<br \/>\n<\/strong>Cristiane Lyra<br \/>\nDiego Alves<br \/>\nSergio Bandeira de Mello<br \/>\nJos\u00e9 Anselmo Garcia<br \/>\nJonathan Benchimol<br \/>\nPaulo Fernando Gordo<br \/>\nIvo Gastaldoni<br \/>\nRicardo Tonietto<br \/>\nFernanda Gomes<br \/>\nMauricio Jarovsky<\/p>\n<p><strong>PUC &#8211; RIO<br \/>\n<\/strong>Adriana Gioda<\/p>\n<p>Arquivo:\u00a0<a href=\"https:\/\/www.gasescombustiveis.com.br\/premioglp\/wp-content\/uploads\/Impactos_Ambientais.pdf\">Impactos_Ambientais<\/a><\/p>\n<p>&nbsp;<\/p>\n","protected":false},"excerpt":{"rendered":"<p>Autores: SINDIG\u00c1S Cristiane Lyra Diego Alves Sergio Bandeira de Mello Jos\u00e9 Anselmo Garcia Jonathan Benchimol Paulo Fernando Gordo Ivo Gastaldoni Ricardo Tonietto Fernanda Gomes Mauricio Jarovsky PUC &#8211; RIO Adriana Gioda Arquivo:\u00a0Impactos_Ambientais &nbsp;<\/p>\n","protected":false},"author":1,"featured_media":0,"comment_status":"closed","ping_status":"closed","sticky":false,"template":"","format":"standard","meta":{"footnotes":""},"categories":[62],"tags":[],"class_list":["post-1955","post","type-post","status-publish","format-standard","hentry","category-meioambiente2016"],"_links":{"self":[{"href":"https:\/\/www.gasescombustiveis.com.br\/premioglp\/index.php?rest_route=\/wp\/v2\/posts\/1955","targetHints":{"allow":["GET"]}}],"collection":[{"href":"https:\/\/www.gasescombustiveis.com.br\/premioglp\/index.php?rest_route=\/wp\/v2\/posts"}],"about":[{"href":"https:\/\/www.gasescombustiveis.com.br\/premioglp\/index.php?rest_route=\/wp\/v2\/types\/post"}],"author":[{"embeddable":true,"href":"https:\/\/www.gasescombustiveis.com.br\/premioglp\/index.php?rest_route=\/wp\/v2\/users\/1"}],"replies":[{"embeddable":true,"href":"https:\/\/www.gasescombustiveis.com.br\/premioglp\/index.php?rest_route=%2Fwp%2Fv2%2Fcomments&post=1955"}],"version-history":[{"count":4,"href":"https:\/\/www.gasescombustiveis.com.br\/premioglp\/index.php?rest_route=\/wp\/v2\/posts\/1955\/revisions"}],"predecessor-version":[{"id":1958,"href":"https:\/\/www.gasescombustiveis.com.br\/premioglp\/index.php?rest_route=\/wp\/v2\/posts\/1955\/revisions\/1958"}],"wp:attachment":[{"href":"https:\/\/www.gasescombustiveis.com.br\/premioglp\/index.php?rest_route=%2Fwp%2Fv2%2Fmedia&parent=1955"}],"wp:term":[{"taxonomy":"category","embeddable":true,"href":"https:\/\/www.gasescombustiveis.com.br\/premioglp\/index.php?rest_route=%2Fwp%2Fv2%2Fcategories&post=1955"},{"taxonomy":"post_tag","embeddable":true,"href":"https:\/\/www.gasescombustiveis.com.br\/premioglp\/index.php?rest_route=%2Fwp%2Fv2%2Ftags&post=1955"}],"curies":[{"name":"wp","href":"https:\/\/api.w.org\/{rel}","templated":true}]}}